[{"@context":"https:\/\/schema.org\/","@type":"Article","@id":"https:\/\/www.bria-cz.cz\/myslete-na-svatebni-album\/#Article","mainEntityOfPage":"https:\/\/www.bria-cz.cz\/myslete-na-svatebni-album\/","headline":"Myslete na svatebn\u00ed album","name":"Myslete na svatebn\u00ed album","description":"Usp\u011bchan\u00e1 a p\u0159etechnizovan\u00e1 doba, ve kter\u00e9 \u017eijeme, na\u0161t\u011bst\u00ed nep\u0159ev\u00e1lcuje na\u0161e tradice a zvyky, kter\u00e9 si st\u00e1le chr\u00e1n\u00edme jako vz\u00e1cn\u00e9 d\u011bdictv\u00ed...","datePublished":"2023-11-27","dateModified":"2023-11-27","author":{"@type":"Person","@id":"https:\/\/www.bria-cz.cz\/author\/#Person","name":"","url":"https:\/\/www.bria-cz.cz\/author\/","identifier":1,"image":{"@type":"ImageObject","@id":"https:\/\/secure.gravatar.com\/avatar\/91b1fc57487c55a66a7777af0dd690bf69c571b4a9b15cda0db8854a78b7888c?s=96&d=mm&r=g","url":"https:\/\/secure.gravatar.com\/avatar\/91b1fc57487c55a66a7777af0dd690bf69c571b4a9b15cda0db8854a78b7888c?s=96&d=mm&r=g","height":96,"width":96}},"publisher":{"@type":"Organization","name":"bria-cz.cz","logo":{"@type":"ImageObject","@id":"\/logo.png","url":"\/logo.png","width":600,"height":60}},"url":"https:\/\/www.bria-cz.cz\/myslete-na-svatebni-album\/","wordCount":251,"articleBody":"Usp\u011bchan\u00e1 a p\u0159etechnizovan\u00e1 doba, ve kter\u00e9 \u017eijeme, na\u0161t\u011bst\u00ed nep\u0159ev\u00e1lcuje na\u0161e tradice a zvyky, kter\u00e9 si st\u00e1le chr\u00e1n\u00edme jako vz\u00e1cn\u00e9 d\u011bdictv\u00ed po na\u0161ich p\u0159edc\u00edch. Pat\u0159\u00ed k nim mnoho sv\u00e1tk\u016f, kter\u00e9 slav\u00ed cel\u00fd n\u00e1rod, ale tak\u00e9 osobn\u00edch situac\u00ed, kter\u00e9 po stalet\u00ed z\u016fst\u00e1vaj\u00ed st\u00e1le stejn\u00e9. Nap\u0159\u00edklad s\u0148atek, ke kter\u00e9mu se rozhodnou dva zamilovan\u00ed lid\u00e9. Jde o jejich velmi v\u00fdznamn\u00fd den v \u017eivot\u011b. Videokamery a fotoapar\u00e1ty dostanou v tento jedine\u010dn\u00fd den zabrat. A pro\u010d? P\u0159ece pro zachov\u00e1n\u00ed okam\u017eik\u016f pro generace budouc\u00ed. Pro d\u011bti, kter\u00e9 z tohoto svazku vzejdou, a pro jejich d\u011bti.Zavzpom\u00ednejte po letechKa\u017ed\u00fd, kdo se rozhodne pro svazek man\u017eelsk\u00fd, do n\u011bj nevstupuje pro to, aby jej po n\u011bjak\u00e9 dob\u011b ukon\u010dil. Je to slib na cel\u00fd \u017eivot. Proto by m\u011bly m\u00edt i vzpom\u00ednky na n\u011bj d\u016fstojn\u00e9 um\u00edst\u011bn\u00ed, a to nejen v srdc\u00edch z\u00fa\u010dastn\u011bn\u00fdch. Luxusn\u00ed ko\u017een\u00e9 svatebn\u00ed album V\u00e1m po letech poskytne mo\u017enost zavzpom\u00ednat si na sv\u016fj den, a to v oble\u017een\u00ed sv\u00fdch milovan\u00fdch potomk\u016f. Za\u017eloutl\u00e9 fotografie vyloud\u00ed blahosklonn\u00e9 \u00fasm\u011bvy na rtech Va\u0161ich vnou\u010dat \u010di u\u017e snad pravnou\u010dat? Ale t\u00edmto vzpom\u00edn\u00e1n\u00edm sv\u00e9mu potomstvu uk\u00e1\u017eete, jak\u00e9 kouzlo m\u00e1 pap\u00edrov\u00e1 fotografie oproti t\u00e9 digit\u00e1ln\u00ed.                                                                                                                                                                                                                                                                                                                                                                                        4.4\/5 - (9 votes)        "},{"@context":"https:\/\/schema.org\/","@type":"BreadcrumbList","itemListElement":[{"@type":"ListItem","position":1,"name":"Myslete na svatebn\u00ed album","item":"https:\/\/www.bria-cz.cz\/myslete-na-svatebni-album\/#breadcrumbitem"}]}]