[{"@context":"https:\/\/schema.org\/","@type":"Article","@id":"https:\/\/www.bria-cz.cz\/blysknete-se-na-firemnim-vecirku\/#Article","mainEntityOfPage":"https:\/\/www.bria-cz.cz\/blysknete-se-na-firemnim-vecirku\/","headline":"Bl\u00fdskn\u011bte se na firemn\u00edm ve\u010d\u00edrku","name":"Bl\u00fdskn\u011bte se na firemn\u00edm ve\u010d\u00edrku","description":"Dostala jste pozv\u00e1n\u00ed na sv\u016fj prvn\u00ed firemn\u00ed ve\u010d\u00edrek, tak\u017ee v\u00e1h\u00e1te, co si vz\u00edt na sebe? Jedno je toti\u017e jasn\u00e9, jde...","datePublished":"2023-05-07","dateModified":"2023-05-07","author":{"@type":"Person","@id":"https:\/\/www.bria-cz.cz\/author\/#Person","name":"","url":"https:\/\/www.bria-cz.cz\/author\/","identifier":1,"image":{"@type":"ImageObject","@id":"https:\/\/secure.gravatar.com\/avatar\/91b1fc57487c55a66a7777af0dd690bf69c571b4a9b15cda0db8854a78b7888c?s=96&d=mm&r=g","url":"https:\/\/secure.gravatar.com\/avatar\/91b1fc57487c55a66a7777af0dd690bf69c571b4a9b15cda0db8854a78b7888c?s=96&d=mm&r=g","height":96,"width":96}},"publisher":{"@type":"Organization","name":"bria-cz.cz","logo":{"@type":"ImageObject","@id":"\/logo.png","url":"\/logo.png","width":600,"height":60}},"image":{"@type":"ImageObject","@id":"https:\/\/www.bria-cz.cz\/wp-content\/uploads\/img_a329836_w2720_t1542393680.jpg","url":"https:\/\/www.bria-cz.cz\/wp-content\/uploads\/img_a329836_w2720_t1542393680.jpg","height":0,"width":0},"url":"https:\/\/www.bria-cz.cz\/blysknete-se-na-firemnim-vecirku\/","wordCount":452,"articleBody":"Dostala jste pozv\u00e1n\u00ed na sv\u016fj prvn\u00ed firemn\u00ed ve\u010d\u00edrek, tak\u017ee v\u00e1h\u00e1te, co si vz\u00edt na sebe? Jedno je toti\u017e jasn\u00e9, jde o pozv\u00e1n\u00ed, kter\u00e9 se v \u017e\u00e1dn\u00e9m p\u0159\u00edpad\u011b neodm\u00edt\u00e1. Pokud si tedy v dan\u00fd den zrovna nezlom\u00edte nohu anebo nebudete smrteln\u011b nemocn\u00e1, mus\u00edte tam vyrazit. \u00da\u010dast \u010di ne\u00fa\u010dast na takov\u00e9 akci pro v\u00e1s bude znamenat mnoho.&#13; Tak\u017ee zp\u011bt k p\u016fvodn\u00ed ot\u00e1zce, kterou mus\u00edte v takov\u00e9 situaci vy\u0159e\u0161it: co si vezmete na sebe?&#13; &#13; V ka\u017ed\u00e9m p\u0159\u00edpad\u011b si mus\u00edte vybrat z aktu\u00e1ln\u00ed m\u00f3dn\u00ed kolekce pro tento rok. P\u0159ece nechcete vyvolat dojem, \u017ee jste sto let za opicemi a nev\u00edte, co se nos\u00ed. Nicm\u00e9n\u011b pokud zrovna neopl\u00fdv\u00e1te pen\u011bzi, tak jist\u011b nem\u00e1te ani tu nejmen\u0161\u00ed chu\u0165 ob\u00edhat vyhl\u00e1\u0161en\u00e9 m\u00f3dn\u00ed butiky a zruinovat tak sv\u00e9 konto. Ov\u0161em nemus\u00edte se b\u00e1t, kr\u00e1sn\u00e9, elegantn\u00ed a stylov\u00e9 oble\u010den\u00ed si m\u016f\u017eete po\u0159\u00eddit i v b\u011b\u017en\u00e9 konfekci za velice p\u0159ijatelnou cenu!&#13; Jde jen o to, abyste v\u011bd\u011bla, po \u010dem m\u00e1te p\u00e1trat:&#13; Obl\u00edbenou klasikou, kter\u00e1 snad nikdy nevyjde z m\u00f3dy, jsou takzvan\u00e9 \u201emal\u00e9 \u010dern\u00e9\u201c. Jedn\u00e1 se o \u0161aty nad kolena v \u010dern\u00e9 barv\u011b, kter\u00e9 m\u016f\u017eete nosit v mnoha proveden\u00edch. Jejich velkou v\u00fdhodou je to, \u017ee pravd\u011bpodobn\u011b nikdy nevyjdou z m\u00f3dy a u\u017eijete je je\u0161t\u011b u mnoha dal\u0161\u00edch p\u0159\u00edle\u017eitost\u00ed. Pokud si tedy chcete po\u0159\u00eddit nad\u010dasov\u00fd kousek, kter\u00fd v\u00e1m nebude zbyte\u010dn\u011b bez vyu\u017eit\u00ed viset ve sk\u0159\u00edni, tak tohle je ta prav\u00e1 volba. Mimochodem, letos jsou v m\u00f3d\u011b \u00e1\u010dkov\u00e9 st\u0159ihy s transparentn\u00edmi detaily a krajkou.&#13; &#13; Pokud chcete ud\u011blat dojem a m\u00e1te postavu, kterou se nemus\u00edte b\u00e1t pochlubit, tak vsa\u010fte na spole\u010densk\u00e9 \u0161aty s pevnou siluetou, kter\u00e1 v\u00e1s bude t\u011bsn\u011b obep\u00ednat. Jestli\u017ee je to v\u0161ak pro v\u00e1s n\u011bco zcela nep\u0159ijateln\u00e9ho a rad\u011bji byste se r\u00e1da za kus l\u00e1tky schovala, i to je mo\u017en\u00e9. Ne\u0161l\u00e1pnete vedle ani s voln\u00fdmi \u0161aty, kter\u00e9 budou ov\u0161em prudce elegantn\u00ed. V kurzu jsou vol\u00e1ny, ma\u0161le a p\u00e1sky.&#13; Jestli\u017ee se neboj\u00edte pozornosti a netradi\u010dn\u00edch kousk\u016f pro odv\u00e1\u017en\u00e9, a z\u00e1rove\u0148 d\u00e1v\u00e1te p\u0159ednost kalhot\u00e1m, m\u016f\u017eete vyrazit i v elegantn\u00edm overalu. Jeho stylov\u00e1 a spole\u010densk\u00e1 verze rozhodn\u011b zaujme a nenech\u00e1 nikoho na pochyb\u00e1ch, \u017ee se v m\u00f3dn\u00edch trendech jednozna\u010dn\u011b vyzn\u00e1te.&#13;                                                                                                                                                                                                                                                                                                                                                                                         4.3\/5 - (9 votes)        "},{"@context":"https:\/\/schema.org\/","@type":"BreadcrumbList","itemListElement":[{"@type":"ListItem","position":1,"name":"Bl\u00fdskn\u011bte se na firemn\u00edm ve\u010d\u00edrku","item":"https:\/\/www.bria-cz.cz\/blysknete-se-na-firemnim-vecirku\/#breadcrumbitem"}]}]